{"id":290,"date":"2016-08-28T18:32:03","date_gmt":"2016-08-28T18:32:03","guid":{"rendered":"http:\/\/www.houseofhoudinibudapest.com\/research_news\/?p=290"},"modified":"2016-08-29T19:04:14","modified_gmt":"2016-08-29T19:04:14","slug":"nagykanizsa-weisz-samuel-fiatal-evei","status":"publish","type":"post","link":"https:\/\/www.houseofhoudinibudapest.com\/research_news\/hu\/weisz-samuel\/nagykanizsa-weisz-samuel-fiatal-evei\/","title":{"rendered":"Nagykanizsa \u2013 Weisz S\u00e1muel fiatal \u00e9vei"},"content":{"rendered":"<p style=\"text-align: justify;\">Ak\u00e1rki is vetette pap\u00edrra Weisz Ferenc Dezs\u0151 sz\u00fclet\u00e9si adatait, rendk\u00edv\u00fcl prec\u00edz ember lehetett. A korban szok\u00e1sos adatokon k\u00edv\u00fcl az anyak\u00f6nyvi bejegyz\u00e9s szerz\u0151je eg\u00e9szen szokatlan r\u00e9szletekkel gazdag\u00edtotta a megsz\u00fcletett kisfi\u00fa csal\u00e1di adatait. Soraib\u00f3l nemcsak az der\u00fclt ki, hogy a kis Dezs\u0151 d\u00e9lut\u00e1n kett\u0151 \u00f3rakor l\u00e1tta meg a napvil\u00e1got, hanem az is, hogy az \u00e9desapa, Weisz S\u00e1muel, Nagykanizs\u00e1n sz\u00fcletett.<\/p>\n<p style=\"text-align: justify;\">A Weisz gyermekek anyak\u00f6nyvi bejegyz\u00e9sei k\u00f6z\u00fcl csak Ferenc Dezs\u0151\u00e9ben szerepel az \u00e9desapa sz\u00fclet\u00e9si helye, sehol m\u00e1shol. Tudom\u00e1sunk szerint ez az egyetlen, hitelesnek tekinthet\u0151 dokumentum, melynek alapj\u00e1n Nagykanizs\u00e1t jel\u00f6lhetj\u00fck meg Weisz S\u00e1muel sz\u00fclet\u00e9si helyek\u00e9nt. Az anyak\u00f6nyv vezet\u0151je bemond\u00e1s alapj\u00e1n r\u00f6gz\u00edtette az adatokat, teh\u00e1t maga Weisz S\u00e1muel \u00e1ll\u00edtotta azt, hogy Nagykanizs\u00e1n sz\u00fcletett. Megpr\u00f3b\u00e1ltunk ut\u00e1naj\u00e1rni, hogy bizony\u00edthat\u00f3-e b\u00e1rmilyen m\u00e1s dokumentummal Weisz S\u00e1muel nagykanizsai sz\u00e1rmaz\u00e1sa?<\/p>\n<p style=\"text-align: justify;\"><a href=\"http:\/\/www.findagrave.com\/cgi-bin\/fg.cgi?page=pv&amp;GRid=13204256&amp;PIpi=5393435\">Weisz S\u00e1muel s\u00edrk\u00f6v\u00e9n a sz\u00fclet\u00e9s helye nem szerepel, csup\u00e1n az \u00e9vsz\u00e1ma: 1829. augusztus 27. <\/a><\/p>\n<p style=\"text-align: justify;\"><a href=\"https:\/\/familysearch.org\/ark:\/61903\/1:1:MNH4-RMQ\">Ugyanakkor egy m\u00e1sik dokumentumban, az 1880-as US censusban a sz\u00fclet\u00e9s \u00e9vsz\u00e1ma egy \u00e9vvel k\u00e9s\u0151bbi: 1830, igaz, itt csak becs\u00fclt az \u00e9vsz\u00e1m<\/a><\/p>\n<p style=\"text-align: justify;\">Nagy val\u00f3sz\u00edn\u0171s\u00e9ggel teh\u00e1t igaz lehet a Weisz S\u00e1muel s\u00edrk\u00f6v\u00e9n szerepl\u0151 1829-es sz\u00fclet\u00e9si \u00e9vsz\u00e1m.<\/p>\n<p style=\"text-align: justify;\">Megpr\u00f3b\u00e1ltuk megkeresni a nagykanizsai zsid\u00f3 hitk\u00f6zs\u00e9g sz\u00fclet\u00e9si anyak\u00f6nyveit az 1800-as \u00e9vek elej\u00e9r\u0151l, sajnos azonban ezek nem maradtak fenn, \u00edgy a legfontosabb, bizony\u00edt\u00f3 erej\u0171 dokumentum hi\u00e1nyzik Weisz S\u00e1muel sz\u00fclet\u00e9s\u00e9r\u0151l.<\/p>\n<p style=\"text-align: justify;\">Azonban tal\u00e1ltunk n\u00e9h\u00e1ny \u00e9rdekes bejegyz\u00e9st a nagykanizsai piarista gimn\u00e1zium 1840-1844-es \u00e9vfolyamaib\u00f3l. A gimn\u00e1ziumba a gyermekek 10 \u00e9ves koruk felett ker\u00fclhettek, az elemi iskola elv\u00e9gz\u00e9se ut\u00e1n.<\/p>\n<p style=\"text-align: justify;\">A gimn\u00e1zium napl\u00f3bejegyz\u00e9sei szerint az 1840-44 k\u00f6z\u00f6tti \u00e9vekben j\u00e1rt oda egy Weisz S\u00e1muel nev\u0171 gyermek, az 1840-41-es tan\u00e9vt\u0151l 1843-44-es \u00e9vig, n\u00e9gy grammatikai oszt\u00e1lyt v\u00e9gzett. Az apja P. Henricus, keresked\u0151, hittan\u00e1ra L\u00f6w Leopold rabbi.<\/p>\n<p style=\"text-align: justify;\">\u00cdme a vonatkoz\u00f3 bejegyz\u00e9sek:<\/p>\n<p style=\"text-align: justify;\"><img loading=\"lazy\" decoding=\"async\" class=\"aligncenter size-full wp-image-283\" src=\"http:\/\/www.houseofhoudinibudapest.com\/research_news\/wp-content\/uploads\/2016\/08\/Weisz-S.-1840-41_1000.jpg\" alt=\"Weisz S. 1840-41_1000\" width=\"1000\" height=\"139\" srcset=\"https:\/\/www.houseofhoudinibudapest.com\/research_news\/wp-content\/uploads\/2016\/08\/Weisz-S.-1840-41_1000.jpg 1000w, https:\/\/www.houseofhoudinibudapest.com\/research_news\/wp-content\/uploads\/2016\/08\/Weisz-S.-1840-41_1000-500x70.jpg 500w, https:\/\/www.houseofhoudinibudapest.com\/research_news\/wp-content\/uploads\/2016\/08\/Weisz-S.-1840-41_1000-370x51.jpg 370w\" sizes=\"auto, (max-width: 1000px) 100vw, 1000px\" \/><\/p>\n<p style=\"text-align: center;\">1840\/41<\/p>\n<p style=\"text-align: justify;\"><img loading=\"lazy\" decoding=\"async\" class=\"aligncenter size-full wp-image-284\" src=\"http:\/\/www.houseofhoudinibudapest.com\/research_news\/wp-content\/uploads\/2016\/08\/Weisz-S.-1841-42_1000.jpg\" alt=\"Weisz S. 1841-42_1000\" width=\"1000\" height=\"139\" srcset=\"https:\/\/www.houseofhoudinibudapest.com\/research_news\/wp-content\/uploads\/2016\/08\/Weisz-S.-1841-42_1000.jpg 1000w, https:\/\/www.houseofhoudinibudapest.com\/research_news\/wp-content\/uploads\/2016\/08\/Weisz-S.-1841-42_1000-500x70.jpg 500w, https:\/\/www.houseofhoudinibudapest.com\/research_news\/wp-content\/uploads\/2016\/08\/Weisz-S.-1841-42_1000-370x51.jpg 370w\" sizes=\"auto, (max-width: 1000px) 100vw, 1000px\" \/><\/p>\n<p style=\"text-align: center;\">1841\/42<\/p>\n<p style=\"text-align: justify;\"><img loading=\"lazy\" decoding=\"async\" class=\"aligncenter size-full wp-image-285\" src=\"http:\/\/www.houseofhoudinibudapest.com\/research_news\/wp-content\/uploads\/2016\/08\/Weisz-S.-1842-43_1000.jpg\" alt=\"Weisz S. 1842-43_1000\" width=\"1000\" height=\"175\" srcset=\"https:\/\/www.houseofhoudinibudapest.com\/research_news\/wp-content\/uploads\/2016\/08\/Weisz-S.-1842-43_1000.jpg 1000w, https:\/\/www.houseofhoudinibudapest.com\/research_news\/wp-content\/uploads\/2016\/08\/Weisz-S.-1842-43_1000-500x88.jpg 500w, https:\/\/www.houseofhoudinibudapest.com\/research_news\/wp-content\/uploads\/2016\/08\/Weisz-S.-1842-43_1000-370x65.jpg 370w\" sizes=\"auto, (max-width: 1000px) 100vw, 1000px\" \/><\/p>\n<p style=\"text-align: center;\">1842\/43<\/p>\n<p style=\"text-align: justify;\"><img loading=\"lazy\" decoding=\"async\" class=\"aligncenter size-full wp-image-286\" src=\"http:\/\/www.houseofhoudinibudapest.com\/research_news\/wp-content\/uploads\/2016\/08\/Weisz-S.-1843-44_1000.jpg\" alt=\"Weisz S. 1843-44_1000\" width=\"1000\" height=\"139\" srcset=\"https:\/\/www.houseofhoudinibudapest.com\/research_news\/wp-content\/uploads\/2016\/08\/Weisz-S.-1843-44_1000.jpg 1000w, https:\/\/www.houseofhoudinibudapest.com\/research_news\/wp-content\/uploads\/2016\/08\/Weisz-S.-1843-44_1000-500x70.jpg 500w, https:\/\/www.houseofhoudinibudapest.com\/research_news\/wp-content\/uploads\/2016\/08\/Weisz-S.-1843-44_1000-370x51.jpg 370w\" sizes=\"auto, (max-width: 1000px) 100vw, 1000px\" \/><\/p>\n<p style=\"text-align: center;\">1843\/44<\/p>\n<p style=\"text-align: justify;\">Az els\u0151 rubrik\u00e1ban szerepel a gyermek neve, azaz Weisz S\u00e1muel, \u00e9s esetlegesen az \u00e9letkora. A m\u00e1sodik rubrik\u00e1ban a felekezete: izraelita, sz\u00fclet\u00e9si helye, azaz Kanizsa vagy N (Nagy)Kanizsa, \u00e9s Zala megye neve, a harmadikban az \u00e9desapa neve \u00e9s foglalkoz\u00e1sa, azaz P. Henricus \u00e9s mercator, azaz keresked\u0151, az ibidem sz\u00f3 jelent\u00e9se pedig az \u201eugyanott\u201d- ez feltehet\u0151leg a lakhelyre vonatkozik. M\u00e9g egy adatot tartalmaz minden sor, a gyermek hittan\u00e1r\u00e1nak nev\u00e9t, aki nem m\u00e1s, mint L\u00f6w Leopold, rabbi.<\/p>\n<p style=\"text-align: justify;\">Az, hogy a nevezett gyermek val\u00f3ban Houdini \u00e9desapja volt, m\u00e9g tov\u00e1bbi kutat\u00e1sokat \u00e9s bizony\u00edt\u00e1st ig\u00e9nyel. Ez a kutat\u00e1s az elk\u00f6vetkezend\u0151 \u00e9vek munk\u00e1ja lesz. Gyan\u00fank azonban alapos: maga Houdini mindig tanult embernek nevezte az \u00e9desapj\u00e1t. \u00dagy tudjuk, hogy Weisz S\u00e1muel pr\u00f3b\u00e1lkozott jogi tanulm\u00e1nyokkal, ez\u00e9rt jel\u00f6lte meg mag\u00e1t n\u00e9h\u00e1ny gyermeke anyak\u00f6nyvi bejegyz\u00e9s\u00e9ben joggyakornoknak vagy jogtan\u00e1csosnak. A jogi tanulm\u00e1nyoknak pedig el\u0151felt\u00e9tele volt a gimn\u00e1ziumi v\u00e9gzetts\u00e9g.<\/p>\n<p style=\"text-align: justify;\">Hamarosan k\u00f6zelebbr\u0151l, t\u00f6bb f\u00e9nyk\u00e9ppel bemutatjuk Weisz S\u00e1muel sz\u00fcl\u0151v\u00e1ros\u00e1t, \u00a0Nagykanizs\u00e1t \u00e9s a nagykanizsai Piarista Gimn\u00e1ziumot.<\/p>\n<p>&nbsp;<\/p>\n<p style=\"text-align: right;\"><em>K\u00f6sz\u00f6net Csomor Erzs\u00e9betnek (Zala Megyei Lev\u00e9lt\u00e1r) a cikk \u00edr\u00e1s\u00e1hoz ny\u00fajtott seg\u00edts\u00e9g\u00e9\u00e9rt.<\/em><\/p>\n<p style=\"text-align: right;\">K.B.<\/p>\n","protected":false},"excerpt":{"rendered":"<p>Weisz S\u00e1muel sz\u00fcl\u0151v\u00e1ros\u00e1ban, Nagykanizs\u00e1n kutattunk a fellelhet\u0151 nyomok ut\u00e1n. Tal\u00e1ltunk n\u00e9h\u00e1ny iskolai bejegyz\u00e9st, melyet al\u00e1bb megosztunk \u00d6n\u00f6kkel!<\/p>\n","protected":false},"author":2,"featured_media":287,"comment_status":"open","ping_status":"open","sticky":false,"template":"","format":"standard","meta":{"footnotes":""},"categories":[44],"tags":[61,119],"class_list":["post-290","post","type-post","status-publish","format-standard","has-post-thumbnail","hentry","category-weisz-samuel","tag-houdini","tag-weisz-samuel-hu"],"_links":{"self":[{"href":"https:\/\/www.houseofhoudinibudapest.com\/research_news\/wp-json\/wp\/v2\/posts\/290","targetHints":{"allow":["GET"]}}],"collection":[{"href":"https:\/\/www.houseofhoudinibudapest.com\/research_news\/wp-json\/wp\/v2\/posts"}],"about":[{"href":"https:\/\/www.houseofhoudinibudapest.com\/research_news\/wp-json\/wp\/v2\/types\/post"}],"author":[{"embeddable":true,"href":"https:\/\/www.houseofhoudinibudapest.com\/research_news\/wp-json\/wp\/v2\/users\/2"}],"replies":[{"embeddable":true,"href":"https:\/\/www.houseofhoudinibudapest.com\/research_news\/wp-json\/wp\/v2\/comments?post=290"}],"version-history":[{"count":2,"href":"https:\/\/www.houseofhoudinibudapest.com\/research_news\/wp-json\/wp\/v2\/posts\/290\/revisions"}],"predecessor-version":[{"id":297,"href":"https:\/\/www.houseofhoudinibudapest.com\/research_news\/wp-json\/wp\/v2\/posts\/290\/revisions\/297"}],"wp:featuredmedia":[{"embeddable":true,"href":"https:\/\/www.houseofhoudinibudapest.com\/research_news\/wp-json\/wp\/v2\/media\/287"}],"wp:attachment":[{"href":"https:\/\/www.houseofhoudinibudapest.com\/research_news\/wp-json\/wp\/v2\/media?parent=290"}],"wp:term":[{"taxonomy":"category","embeddable":true,"href":"https:\/\/www.houseofhoudinibudapest.com\/research_news\/wp-json\/wp\/v2\/categories?post=290"},{"taxonomy":"post_tag","embeddable":true,"href":"https:\/\/www.houseofhoudinibudapest.com\/research_news\/wp-json\/wp\/v2\/tags?post=290"}],"curies":[{"name":"wp","href":"https:\/\/api.w.org\/{rel}","templated":true}]}}